{"id":1587,"date":"2021-02-07T13:57:38","date_gmt":"2021-02-07T12:57:38","guid":{"rendered":"http:\/\/www.fotokunek.pl\/blog\/?p=1587"},"modified":"2021-02-07T13:57:38","modified_gmt":"2021-02-07T12:57:38","slug":"troszke-ciepla-na-mrozne-dni","status":"publish","type":"post","link":"https:\/\/www.fotokunek.pl\/blog\/2021\/02\/07\/troszke-ciepla-na-mrozne-dni\/","title":{"rendered":"Troszk\u0119 ciep\u0142a na mro\u017ane dni!"},"content":{"rendered":"\n<p>Troszk\u0119 ciep\u0142a na nadchodz\u0105ce mro\u017ane dni!<\/p>\n\n\n\n<p class=\"has-text-align-center\">FOTOKUNEK PROFESJONALNA FOTOGRAFIA RODZINNA&amp;NOWORODKOWA<\/p>\n\n\n\n<figure class=\"wp-block-image size-large\"><img loading=\"lazy\" width=\"1600\" height=\"1067\" src=\"https:\/\/www.fotokunek.pl\/blog\/wp-content\/uploads\/2021\/02\/fotografia-dziecieca-bydgoszcz.jpg\" alt=\"\" class=\"wp-image-1588 colorbox-1587\" srcset=\"https:\/\/www.fotokunek.pl\/blog\/wp-content\/uploads\/2021\/02\/fotografia-dziecieca-bydgoszcz.jpg 1600w, https:\/\/www.fotokunek.pl\/blog\/wp-content\/uploads\/2021\/02\/fotografia-dziecieca-bydgoszcz-900x600.jpg 900w, https:\/\/www.fotokunek.pl\/blog\/wp-content\/uploads\/2021\/02\/fotografia-dziecieca-bydgoszcz-1536x1024.jpg 1536w\" sizes=\"(max-width: 1600px) 100vw, 1600px\" \/><\/figure>\n\n\n\n<p class=\"has-text-align-center\">FOTOKUNEK FOTOGRAFIA: www.fotokunek.pl<br>STUDIO: Solskiego 15, Bydgoszcz<\/p>\n","protected":false},"excerpt":{"rendered":"<p>Troszk\u0119 ciep\u0142a na nadchodz\u0105ce mro\u017ane dni! FOTOKUNEK PROFESJONALNA FOTOGRAFIA RODZINNA&amp;NOWORODKOWA FOTOKUNEK FOTOGRAFIA: www.fotokunek.plSTUDIO: Solskiego 15, Bydgoszcz<\/p>\n","protected":false},"author":2,"featured_media":0,"comment_status":"open","ping_status":"open","sticky":false,"template":"","format":"standard","meta":[],"categories":[147],"tags":[],"_links":{"self":[{"href":"https:\/\/www.fotokunek.pl\/blog\/wp-json\/wp\/v2\/posts\/1587"}],"collection":[{"href":"https:\/\/www.fotokunek.pl\/blog\/wp-json\/wp\/v2\/posts"}],"about":[{"href":"https:\/\/www.fotokunek.pl\/blog\/wp-json\/wp\/v2\/types\/post"}],"author":[{"embeddable":true,"href":"https:\/\/www.fotokunek.pl\/blog\/wp-json\/wp\/v2\/users\/2"}],"replies":[{"embeddable":true,"href":"https:\/\/www.fotokunek.pl\/blog\/wp-json\/wp\/v2\/comments?post=1587"}],"version-history":[{"count":1,"href":"https:\/\/www.fotokunek.pl\/blog\/wp-json\/wp\/v2\/posts\/1587\/revisions"}],"predecessor-version":[{"id":1589,"href":"https:\/\/www.fotokunek.pl\/blog\/wp-json\/wp\/v2\/posts\/1587\/revisions\/1589"}],"wp:attachment":[{"href":"https:\/\/www.fotokunek.pl\/blog\/wp-json\/wp\/v2\/media?parent=1587"}],"wp:term":[{"taxonomy":"category","embeddable":true,"href":"https:\/\/www.fotokunek.pl\/blog\/wp-json\/wp\/v2\/categories?post=1587"},{"taxonomy":"post_tag","embeddable":true,"href":"https:\/\/www.fotokunek.pl\/blog\/wp-json\/wp\/v2\/tags?post=1587"}],"curies":[{"name":"wp","href":"https:\/\/api.w.org\/{rel}","templated":true}]}}