{"id":1553,"date":"2021-01-29T10:35:01","date_gmt":"2021-01-29T09:35:01","guid":{"rendered":"http:\/\/www.fotokunek.pl\/blog\/?p=1553"},"modified":"2021-01-29T10:35:01","modified_gmt":"2021-01-29T09:35:01","slug":"sesja-ciazowa-w-plenerze","status":"publish","type":"post","link":"https:\/\/www.fotokunek.pl\/blog\/2021\/01\/29\/sesja-ciazowa-w-plenerze\/","title":{"rendered":"Sesja ci\u0105\u017cowa w plenerze"},"content":{"rendered":"\n<p>Sesja ci\u0105\u017cowa w plenerze to idealny pomys\u0142 na utrwalenie tego wspania\u0142ego czasu w okoliczno\u015bciach przyrody.<\/p>\n\n\n\n<p>Sesja w plenerze \u015bwietnie sprawdzi si\u0119 dla os\u00f3b, kt\u00f3re kochaj\u0105 przyrod\u0119 i przestrze\u0144. To alternatywa dla sesji fotograficznych w studio.<\/p>\n\n\n\n<p>Podczas sesji ci\u0105\u017cowej w plenerze mo\u017cemy zaoferowa\u0107 wi\u0119ksz\u0105 r\u00f3\u017cnorodno\u015b\u0107 kadr\u00f3w, szczeg\u00f3lnie w po\u0142\u0105czeniu z innymi cz\u0142onkami rodziny czy pupilami.<\/p>\n\n\n\n<p>Podczas sesji ci\u0105\u017cowej w plenerze wykonujemy kilkadziesi\u0105t uj\u0119\u0107 w kilku, wsp\u00f3lnie dobranych stylizacjach. Fotokunek posiada ponad 20 sukienek ci\u0105\u017cowych w r\u00f3\u017cnych odcieniach i rozmiarach.<\/p>\n\n\n\n<p>Do wymarzonej sesji ci\u0105\u017cowej potrzebujesz jedynie dobrego nastawienia i czasu.<\/p>\n\n\n\n<p>Idealny czas na sesj\u0119 ci\u0105\u017cow\u0105 to okres mi\u0119dzy 20 a 36 tygodniem ci\u0105\u017cy.<\/p>\n\n\n\n<p>Zapraszamy do spe\u0142niania swoich marze\u0144 i stworzenia pami\u0105tki na ca\u0142e \u017cycie!<\/p>\n\n\n\n<p>Gosia i Radek  <\/p>\n\n\n\n<figure class=\"wp-block-image size-large\"><img loading=\"lazy\" width=\"721\" height=\"1080\" src=\"https:\/\/www.fotokunek.pl\/blog\/wp-content\/uploads\/2021\/01\/sesja-ciazowa-bydgoszcz-fotokunek-016-721x1080.jpg\" alt=\"\" class=\"wp-image-1555 colorbox-1553\" srcset=\"https:\/\/www.fotokunek.pl\/blog\/wp-content\/uploads\/2021\/01\/sesja-ciazowa-bydgoszcz-fotokunek-016-721x1080.jpg 721w, https:\/\/www.fotokunek.pl\/blog\/wp-content\/uploads\/2021\/01\/sesja-ciazowa-bydgoszcz-fotokunek-016-801x1200.jpg 801w, https:\/\/www.fotokunek.pl\/blog\/wp-content\/uploads\/2021\/01\/sesja-ciazowa-bydgoszcz-fotokunek-016-400x600.jpg 400w, https:\/\/www.fotokunek.pl\/blog\/wp-content\/uploads\/2021\/01\/sesja-ciazowa-bydgoszcz-fotokunek-016-1025x1536.jpg 1025w, https:\/\/www.fotokunek.pl\/blog\/wp-content\/uploads\/2021\/01\/sesja-ciazowa-bydgoszcz-fotokunek-016.jpg 1281w\" sizes=\"(max-width: 721px) 100vw, 721px\" \/><\/figure>\n","protected":false},"excerpt":{"rendered":"<p>Sesja ci\u0105\u017cowa w plenerze to idealny pomys\u0142 na utrwalenie tego wspania\u0142ego czasu w okoliczno\u015bciach przyrody. Sesja w plenerze \u015bwietnie sprawdzi si\u0119 dla os\u00f3b, kt\u00f3re kochaj\u0105 przyrod\u0119 i przestrze\u0144. To alternatywa dla sesji fotograficznych w studio. Podczas sesji ci\u0105\u017cowej w plenerze mo\u017cemy zaoferowa\u0107 wi\u0119ksz\u0105 r\u00f3\u017cnorodno\u015b\u0107 kadr\u00f3w, szczeg\u00f3lnie w po\u0142\u0105czeniu z innymi cz\u0142onkami rodziny czy pupilami. Podczas &hellip; <a href=\"https:\/\/www.fotokunek.pl\/blog\/2021\/01\/29\/sesja-ciazowa-w-plenerze\/\" class=\"more-link\">Czytaj dalej <span class=\"screen-reader-text\">Sesja ci\u0105\u017cowa w plenerze<\/span> <span class=\"meta-nav\">&rarr;<\/span><\/a><\/p>\n","protected":false},"author":2,"featured_media":0,"comment_status":"open","ping_status":"open","sticky":false,"template":"","format":"standard","meta":[],"categories":[175],"tags":[],"_links":{"self":[{"href":"https:\/\/www.fotokunek.pl\/blog\/wp-json\/wp\/v2\/posts\/1553"}],"collection":[{"href":"https:\/\/www.fotokunek.pl\/blog\/wp-json\/wp\/v2\/posts"}],"about":[{"href":"https:\/\/www.fotokunek.pl\/blog\/wp-json\/wp\/v2\/types\/post"}],"author":[{"embeddable":true,"href":"https:\/\/www.fotokunek.pl\/blog\/wp-json\/wp\/v2\/users\/2"}],"replies":[{"embeddable":true,"href":"https:\/\/www.fotokunek.pl\/blog\/wp-json\/wp\/v2\/comments?post=1553"}],"version-history":[{"count":1,"href":"https:\/\/www.fotokunek.pl\/blog\/wp-json\/wp\/v2\/posts\/1553\/revisions"}],"predecessor-version":[{"id":1556,"href":"https:\/\/www.fotokunek.pl\/blog\/wp-json\/wp\/v2\/posts\/1553\/revisions\/1556"}],"wp:attachment":[{"href":"https:\/\/www.fotokunek.pl\/blog\/wp-json\/wp\/v2\/media?parent=1553"}],"wp:term":[{"taxonomy":"category","embeddable":true,"href":"https:\/\/www.fotokunek.pl\/blog\/wp-json\/wp\/v2\/categories?post=1553"},{"taxonomy":"post_tag","embeddable":true,"href":"https:\/\/www.fotokunek.pl\/blog\/wp-json\/wp\/v2\/tags?post=1553"}],"curies":[{"name":"wp","href":"https:\/\/api.w.org\/{rel}","templated":true}]}}